{"id":12622,"date":"2025-04-15T09:11:57","date_gmt":"2025-04-15T07:11:57","guid":{"rendered":"https:\/\/www.capcargo.com\/?p=12622"},"modified":"2025-04-15T09:13:58","modified_gmt":"2025-04-15T07:13:58","slug":"capcargo-auf-der-transport-logistic-in-muenchen-3","status":"publish","type":"post","link":"https:\/\/www.capcargo.com\/en\/capcargo-auf-der-transport-logistic-in-muenchen-3\/","title":{"rendered":"CAPcargo at the transport logistic 2025 in Munich"},"content":{"rendered":"<p>&nbsp;<\/p>\n<p><img decoding=\"async\" class=\"\" src=\"http:\/\/www.capcargo.com\/wp-content\/uploads\/2025\/04\/TL1EN.png\" alt=\"\" width=\"684\" height=\"196\" \/><\/p>\n<p>Already planning the visit to Munich?<\/p>\n<p>We'll be there again, of course. Hall A5\/Stand 336. Don't forget, the visitor days have changed: Monday to Thursday. 2-5 June 2025<\/p>\n<p>Do you have demanding logistics processes and want to see what is possible today in a cloud-based transport management system based on Microsoft Dynamics 365? Come and visit us.<\/p>\n<p>We look forward to your visit.<\/p>\n<p>&nbsp;<\/p>","protected":false},"excerpt":{"rendered":"<p>&nbsp; Besuch in M\u00fcnchen schon eingeplant? Wir sind nat\u00fcrlich wieder dabei. Halle A5\/Stand 336. Nicht vergessen, die Besuchertage haben ge\u00e4ndert: Montag bis Donnerstag. 2.-5 Juni 2025 Haben Sie anspruchsvolle Logistikprozesse und wollen sehen, was heute in einem cloudbasierten TransportManagementSystem basierend auf Microsoft Dynamics 365 m\u00f6glich ist? Kommen Sie vorbei. TMS. Optimizer Planning. GraphicalPlanningBoard. DriverApp. DepotApp. [&hellip;]<\/p>","protected":false},"author":1,"featured_media":0,"comment_status":"closed","ping_status":"closed","sticky":false,"template":"","format":"standard","meta":{"_monsterinsights_skip_tracking":false,"_monsterinsights_sitenote_active":false,"_monsterinsights_sitenote_note":"","_monsterinsights_sitenote_category":0,"footnotes":""},"categories":[4],"tags":[443,445],"class_list":["post-12622","post","type-post","status-publish","format-standard","hentry","category-news","tag-fair-munich","tag-transport-logisitc-2023"],"yoast_head":"<!-- This site is optimized with the Yoast SEO plugin v26.0 - https:\/\/yoast.com\/wordpress\/plugins\/seo\/ -->\n<title>CAPcargo auf der transport logistic 2025 in M\u00fcnchen - CAPcargo AG<\/title>\n<meta name=\"description\" content=\"CAPcargo auch im Jahr 2025 mit einem Stand an der Leitmesse f\u00fcr Transport und Logistik in M\u00fcnchen\" \/>\n<meta name=\"robots\" content=\"index, follow, max-snippet:-1, max-image-preview:large, max-video-preview:-1\" \/>\n<link rel=\"canonical\" href=\"https:\/\/www.capcargo.com\/en\/capcargo-auf-der-transport-logistic-in-muenchen-3\/\" \/>\n<meta property=\"og:locale\" content=\"en_GB\" \/>\n<meta property=\"og:type\" content=\"article\" \/>\n<meta property=\"og:title\" content=\"CAPcargo auf der transport logistic 2025 in M\u00fcnchen - CAPcargo AG\" \/>\n<meta property=\"og:description\" content=\"CAPcargo auch im Jahr 2025 mit einem Stand an der Leitmesse f\u00fcr Transport und Logistik in M\u00fcnchen\" \/>\n<meta property=\"og:url\" content=\"https:\/\/www.capcargo.com\/en\/capcargo-auf-der-transport-logistic-in-muenchen-3\/\" \/>\n<meta property=\"og:site_name\" content=\"CAPcargo AG\" \/>\n<meta property=\"article:publisher\" content=\"https:\/\/www.facebook.com\/pages\/category\/Software-Company\/CAPcargo-AG-148899175228689\/\" \/>\n<meta property=\"article:published_time\" content=\"2025-04-15T07:11:57+00:00\" \/>\n<meta property=\"article:modified_time\" content=\"2025-04-15T07:13:58+00:00\" \/>\n<meta property=\"og:image\" content=\"https:\/\/www.capcargo.com\/wp-content\/uploads\/2019\/02\/CAPcargo-logo-cmyk.jpg\" \/>\n\t<meta property=\"og:image:width\" content=\"250\" \/>\n\t<meta property=\"og:image:height\" content=\"57\" \/>\n\t<meta property=\"og:image:type\" content=\"image\/jpeg\" \/>\n<meta name=\"author\" content=\"admin\" \/>\n<meta name=\"twitter:card\" content=\"summary_large_image\" \/>\n<meta name=\"twitter:label1\" content=\"Written by\" \/>\n\t<meta name=\"twitter:data1\" content=\"admin\" \/>\n<script type=\"application\/ld+json\" class=\"yoast-schema-graph\">{\"@context\":\"https:\/\/schema.org\",\"@graph\":[{\"@type\":\"Article\",\"@id\":\"https:\/\/www.capcargo.com\/capcargo-auf-der-transport-logistic-in-muenchen-3\/#article\",\"isPartOf\":{\"@id\":\"https:\/\/www.capcargo.com\/capcargo-auf-der-transport-logistic-in-muenchen-3\/\"},\"author\":{\"name\":\"admin\",\"@id\":\"https:\/\/www.capcargo.com\/en\/#\/schema\/person\/1c595e1e29aac6c35014740cb1e22226\"},\"headline\":\"CAPcargo auf der transport logistic 2025 in M\u00fcnchen\",\"datePublished\":\"2025-04-15T07:11:57+00:00\",\"dateModified\":\"2025-04-15T07:13:58+00:00\",\"mainEntityOfPage\":{\"@id\":\"https:\/\/www.capcargo.com\/capcargo-auf-der-transport-logistic-in-muenchen-3\/\"},\"wordCount\":74,\"publisher\":{\"@id\":\"https:\/\/www.capcargo.com\/en\/#organization\"},\"keywords\":[\"Fair Munich\",\"transport logisitc 2023\"],\"articleSection\":[\"News\"],\"inLanguage\":\"en-GB\"},{\"@type\":\"WebPage\",\"@id\":\"https:\/\/www.capcargo.com\/capcargo-auf-der-transport-logistic-in-muenchen-3\/\",\"url\":\"https:\/\/www.capcargo.com\/capcargo-auf-der-transport-logistic-in-muenchen-3\/\",\"name\":\"CAPcargo auf der transport logistic 2025 in M\u00fcnchen - CAPcargo AG\",\"isPartOf\":{\"@id\":\"https:\/\/www.capcargo.com\/en\/#website\"},\"datePublished\":\"2025-04-15T07:11:57+00:00\",\"dateModified\":\"2025-04-15T07:13:58+00:00\",\"description\":\"CAPcargo auch im Jahr 2025 mit einem Stand an der Leitmesse f\u00fcr Transport und Logistik in M\u00fcnchen\",\"breadcrumb\":{\"@id\":\"https:\/\/www.capcargo.com\/capcargo-auf-der-transport-logistic-in-muenchen-3\/#breadcrumb\"},\"inLanguage\":\"en-GB\",\"potentialAction\":[{\"@type\":\"ReadAction\",\"target\":[\"https:\/\/www.capcargo.com\/capcargo-auf-der-transport-logistic-in-muenchen-3\/\"]}]},{\"@type\":\"BreadcrumbList\",\"@id\":\"https:\/\/www.capcargo.com\/capcargo-auf-der-transport-logistic-in-muenchen-3\/#breadcrumb\",\"itemListElement\":[{\"@type\":\"ListItem\",\"position\":1,\"name\":\"Startseite\",\"item\":\"https:\/\/www.capcargo.com\/en\/\"},{\"@type\":\"ListItem\",\"position\":2,\"name\":\"News\",\"item\":\"https:\/\/www.capcargo.com\/en\/category\/news\/\"},{\"@type\":\"ListItem\",\"position\":3,\"name\":\"CAPcargo auf der transport logistic 2025 in M\u00fcnchen\"}]},{\"@type\":\"WebSite\",\"@id\":\"https:\/\/www.capcargo.com\/en\/#website\",\"url\":\"https:\/\/www.capcargo.com\/en\/\",\"name\":\"CAPcargo AG\",\"description\":\"Consulting and Software Applications for cargo industry\",\"publisher\":{\"@id\":\"https:\/\/www.capcargo.com\/en\/#organization\"},\"potentialAction\":[{\"@type\":\"SearchAction\",\"target\":{\"@type\":\"EntryPoint\",\"urlTemplate\":\"https:\/\/www.capcargo.com\/en\/?s={search_term_string}\"},\"query-input\":{\"@type\":\"PropertyValueSpecification\",\"valueRequired\":true,\"valueName\":\"search_term_string\"}}],\"inLanguage\":\"en-GB\"},{\"@type\":\"Organization\",\"@id\":\"https:\/\/www.capcargo.com\/en\/#organization\",\"name\":\"CAPcargo AG\",\"url\":\"https:\/\/www.capcargo.com\/en\/\",\"logo\":{\"@type\":\"ImageObject\",\"inLanguage\":\"en-GB\",\"@id\":\"https:\/\/www.capcargo.com\/en\/#\/schema\/logo\/image\/\",\"url\":\"https:\/\/www.capcargo.com\/wp-content\/uploads\/2019\/02\/CAPcargo-logo-cmyk.jpg\",\"contentUrl\":\"https:\/\/www.capcargo.com\/wp-content\/uploads\/2019\/02\/CAPcargo-logo-cmyk.jpg\",\"width\":250,\"height\":57,\"caption\":\"CAPcargo AG\"},\"image\":{\"@id\":\"https:\/\/www.capcargo.com\/en\/#\/schema\/logo\/image\/\"},\"sameAs\":[\"https:\/\/www.facebook.com\/pages\/category\/Software-Company\/CAPcargo-AG-148899175228689\/\",\"https:\/\/www.linkedin.com\/company\/capcargo-ag\/?viewAsMember=true\"]},{\"@type\":\"Person\",\"@id\":\"https:\/\/www.capcargo.com\/en\/#\/schema\/person\/1c595e1e29aac6c35014740cb1e22226\",\"name\":\"admin\",\"url\":\"https:\/\/www.capcargo.com\/en\/author\/admin\/\"}]}<\/script>\n<!-- \/ Yoast SEO plugin. -->","yoast_head_json":{"title":"CAPcargo auf der transport logistic 2025 in M\u00fcnchen - CAPcargo AG","description":"CAPcargo auch im Jahr 2025 mit einem Stand an der Leitmesse f\u00fcr Transport und Logistik in M\u00fcnchen","robots":{"index":"index","follow":"follow","max-snippet":"max-snippet:-1","max-image-preview":"max-image-preview:large","max-video-preview":"max-video-preview:-1"},"canonical":"https:\/\/www.capcargo.com\/en\/capcargo-auf-der-transport-logistic-in-muenchen-3\/","og_locale":"en_GB","og_type":"article","og_title":"CAPcargo auf der transport logistic 2025 in M\u00fcnchen - CAPcargo AG","og_description":"CAPcargo auch im Jahr 2025 mit einem Stand an der Leitmesse f\u00fcr Transport und Logistik in M\u00fcnchen","og_url":"https:\/\/www.capcargo.com\/en\/capcargo-auf-der-transport-logistic-in-muenchen-3\/","og_site_name":"CAPcargo AG","article_publisher":"https:\/\/www.facebook.com\/pages\/category\/Software-Company\/CAPcargo-AG-148899175228689\/","article_published_time":"2025-04-15T07:11:57+00:00","article_modified_time":"2025-04-15T07:13:58+00:00","og_image":[{"width":250,"height":57,"url":"https:\/\/www.capcargo.com\/wp-content\/uploads\/2019\/02\/CAPcargo-logo-cmyk.jpg","type":"image\/jpeg"}],"author":"admin","twitter_card":"summary_large_image","twitter_misc":{"Written by":"admin"},"schema":{"@context":"https:\/\/schema.org","@graph":[{"@type":"Article","@id":"https:\/\/www.capcargo.com\/capcargo-auf-der-transport-logistic-in-muenchen-3\/#article","isPartOf":{"@id":"https:\/\/www.capcargo.com\/capcargo-auf-der-transport-logistic-in-muenchen-3\/"},"author":{"name":"admin","@id":"https:\/\/www.capcargo.com\/en\/#\/schema\/person\/1c595e1e29aac6c35014740cb1e22226"},"headline":"CAPcargo auf der transport logistic 2025 in M\u00fcnchen","datePublished":"2025-04-15T07:11:57+00:00","dateModified":"2025-04-15T07:13:58+00:00","mainEntityOfPage":{"@id":"https:\/\/www.capcargo.com\/capcargo-auf-der-transport-logistic-in-muenchen-3\/"},"wordCount":74,"publisher":{"@id":"https:\/\/www.capcargo.com\/en\/#organization"},"keywords":["Fair Munich","transport logisitc 2023"],"articleSection":["News"],"inLanguage":"en-GB"},{"@type":"WebPage","@id":"https:\/\/www.capcargo.com\/capcargo-auf-der-transport-logistic-in-muenchen-3\/","url":"https:\/\/www.capcargo.com\/capcargo-auf-der-transport-logistic-in-muenchen-3\/","name":"CAPcargo auf der transport logistic 2025 in M\u00fcnchen - CAPcargo AG","isPartOf":{"@id":"https:\/\/www.capcargo.com\/en\/#website"},"datePublished":"2025-04-15T07:11:57+00:00","dateModified":"2025-04-15T07:13:58+00:00","description":"CAPcargo auch im Jahr 2025 mit einem Stand an der Leitmesse f\u00fcr Transport und Logistik in M\u00fcnchen","breadcrumb":{"@id":"https:\/\/www.capcargo.com\/capcargo-auf-der-transport-logistic-in-muenchen-3\/#breadcrumb"},"inLanguage":"en-GB","potentialAction":[{"@type":"ReadAction","target":["https:\/\/www.capcargo.com\/capcargo-auf-der-transport-logistic-in-muenchen-3\/"]}]},{"@type":"BreadcrumbList","@id":"https:\/\/www.capcargo.com\/capcargo-auf-der-transport-logistic-in-muenchen-3\/#breadcrumb","itemListElement":[{"@type":"ListItem","position":1,"name":"Startseite","item":"https:\/\/www.capcargo.com\/en\/"},{"@type":"ListItem","position":2,"name":"News","item":"https:\/\/www.capcargo.com\/en\/category\/news\/"},{"@type":"ListItem","position":3,"name":"CAPcargo auf der transport logistic 2025 in M\u00fcnchen"}]},{"@type":"WebSite","@id":"https:\/\/www.capcargo.com\/en\/#website","url":"https:\/\/www.capcargo.com\/en\/","name":"CAPcargo AG","description":"Consulting and Software Applications for cargo industry","publisher":{"@id":"https:\/\/www.capcargo.com\/en\/#organization"},"potentialAction":[{"@type":"SearchAction","target":{"@type":"EntryPoint","urlTemplate":"https:\/\/www.capcargo.com\/en\/?s={search_term_string}"},"query-input":{"@type":"PropertyValueSpecification","valueRequired":true,"valueName":"search_term_string"}}],"inLanguage":"en-GB"},{"@type":"Organization","@id":"https:\/\/www.capcargo.com\/en\/#organization","name":"CAPcargo AG","url":"https:\/\/www.capcargo.com\/en\/","logo":{"@type":"ImageObject","inLanguage":"en-GB","@id":"https:\/\/www.capcargo.com\/en\/#\/schema\/logo\/image\/","url":"https:\/\/www.capcargo.com\/wp-content\/uploads\/2019\/02\/CAPcargo-logo-cmyk.jpg","contentUrl":"https:\/\/www.capcargo.com\/wp-content\/uploads\/2019\/02\/CAPcargo-logo-cmyk.jpg","width":250,"height":57,"caption":"CAPcargo AG"},"image":{"@id":"https:\/\/www.capcargo.com\/en\/#\/schema\/logo\/image\/"},"sameAs":["https:\/\/www.facebook.com\/pages\/category\/Software-Company\/CAPcargo-AG-148899175228689\/","https:\/\/www.linkedin.com\/company\/capcargo-ag\/?viewAsMember=true"]},{"@type":"Person","@id":"https:\/\/www.capcargo.com\/en\/#\/schema\/person\/1c595e1e29aac6c35014740cb1e22226","name":"admin","url":"https:\/\/www.capcargo.com\/en\/author\/admin\/"}]}},"_links":{"self":[{"href":"https:\/\/www.capcargo.com\/en\/wp-json\/wp\/v2\/posts\/12622","targetHints":{"allow":["GET"]}}],"collection":[{"href":"https:\/\/www.capcargo.com\/en\/wp-json\/wp\/v2\/posts"}],"about":[{"href":"https:\/\/www.capcargo.com\/en\/wp-json\/wp\/v2\/types\/post"}],"author":[{"embeddable":true,"href":"https:\/\/www.capcargo.com\/en\/wp-json\/wp\/v2\/users\/1"}],"replies":[{"embeddable":true,"href":"https:\/\/www.capcargo.com\/en\/wp-json\/wp\/v2\/comments?post=12622"}],"version-history":[{"count":2,"href":"https:\/\/www.capcargo.com\/en\/wp-json\/wp\/v2\/posts\/12622\/revisions"}],"predecessor-version":[{"id":12624,"href":"https:\/\/www.capcargo.com\/en\/wp-json\/wp\/v2\/posts\/12622\/revisions\/12624"}],"wp:attachment":[{"href":"https:\/\/www.capcargo.com\/en\/wp-json\/wp\/v2\/media?parent=12622"}],"wp:term":[{"taxonomy":"category","embeddable":true,"href":"https:\/\/www.capcargo.com\/en\/wp-json\/wp\/v2\/categories?post=12622"},{"taxonomy":"post_tag","embeddable":true,"href":"https:\/\/www.capcargo.com\/en\/wp-json\/wp\/v2\/tags?post=12622"}],"curies":[{"name":"wp","href":"https:\/\/api.w.org\/{rel}","templated":true}]}}